{"id":432,"date":"2009-08-18T15:32:00","date_gmt":"2009-08-18T20:32:00","guid":{"rendered":"http:\/\/www.chungui.info\/blog\/?p=26"},"modified":"2022-08-03T02:42:59","modified_gmt":"2022-08-03T02:42:59","slug":"chungui-conversatorio-sobre-arte-y","status":"publish","type":"post","link":"https:\/\/chungui.info\/blog\/chungui-conversatorio-sobre-arte-y\/","title":{"rendered":"Chungui: Conversatorio sobre Arte y Violencia Pol\u00edtica"},"content":{"rendered":"<h3 class=\"post-title entry-title\" style=\"color: #ffffff; background-image: initial; background-repeat: initial; background-attachment: initial; -webkit-background-clip: initial; -webkit-background-origin: initial; background-color: #78b749; font: normal normal bold 114%\/normal Arial, sans-serif; background-position: initial initial; padding: 2px 0px 2px 2px; margin: 0px 0px 10px 0px;\"><a style=\"color: #ffffff; text-decoration: none;\" href=\"http:\/\/gestioncultural-mc.blogspot.com\/2009\/08\/21-de-agosto-conversatorio-arte-y.html\">21 de agosto: Conversatorio Arte y Violencia Pol\u00edtica<\/a><\/h3>\n<div class=\"post-header-line-1\"><\/div>\n<div class=\"post-body entry-content\" style=\"margin: 0px 6px 0px 5px;\"><a href=\"https:\/\/chungui.info\/blog\/wp-content\/uploads\/2009\/08\/Tapa_Chungui.jpg\"><img loading=\"lazy\" decoding=\"async\" class=\"alignright size-full wp-image-698\" src=\"https:\/\/chungui.info\/blog\/wp-content\/uploads\/2009\/08\/Tapa_Chungui.jpg\" alt=\"\" width=\"189\" height=\"200\" \/><\/a>El Instituto de Estudios Peruanos &#8211; IEP, la Comisi\u00f3n de Derechos Humanos -COMISEDH y el Servicio Alem\u00e1n de Cooperaci\u00f3n Social-T\u00e9cnica \u2013DED, tienen elagrado de invitarlo al <em><strong style=\"font-weight: bold;\">Conversatorio Arte y Violencia Pol\u00edtica<\/strong><\/em>, a prop\u00f3sito de la publicaci\u00f3n de la segunda edici\u00f3n del libro <em><strong style=\"font-weight: bold;\">CHUNGUI Violencia y trazos de memoria<\/strong><\/em> de Edilberto Jim\u00e9nez:<\/p>\n<div align=\"center\">Viernes 21 de agosto de 2009<\/div>\n<div align=\"center\">6.00 p.m. en el local del IEP<\/div>\n<div align=\"center\">(Horacio Urteaga 694, Jes\u00fas Mar\u00eda)<\/div>\n<div align=\"justify\"><\/div>\n<div align=\"justify\"><\/div>\n<p><strong style=\"font-weight: bold;\">Comentarios:<\/strong><\/p>\n<ul>\n<li>\n<div align=\"justify\">V\u00edctor Vich<\/div>\n<\/li>\n<li>Mar\u00eda Eugenia Ulfe<\/li>\n<li>Daniel Ju\u00e1rez Huam\u00e1n (Alcalde Distrital de Chungui)<\/li>\n<\/ul>\n<p>Asimismo, se proyectar\u00e1 un avance del largometraje\/documental <em><strong style=\"font-weight: bold;\">Chungui, Horrorsin lagrimas: una historia peruana<\/strong><\/em>, donde participa el autor del libro, realizado por Felipe Degregori (Buenaletra producciones).<\/p>\n<\/div>\n<div class=\"post-body entry-content\" style=\"margin: 0px 6px 0px 5px;\"><a href=\"http:\/\/gestioncultural-mc.blogspot.com\/\">Nota tomado de Gestion Editorial &#8211; Per\u00fa<\/a><\/div>\n ","protected":false},"excerpt":{"rendered":"<p>21 de agosto: Conversatorio Arte y Violencia Pol\u00edtica El Instituto de Estudios Peruanos &#8211; IEP, la Comisi\u00f3n de Derechos Humanos -COMISEDH y el Servicio Alem\u00e1n de Cooperaci\u00f3n Social-T\u00e9cnica \u2013DED, tienen elagrado de invitarlo al Conversatorio Arte y Violencia Pol\u00edtica, a &hellip; <a href=\"https:\/\/chungui.info\/blog\/chungui-conversatorio-sobre-arte-y\/\">Continuar<\/a><\/p>\n","protected":false},"author":2,"featured_media":0,"comment_status":"open","ping_status":"open","sticky":false,"template":"","format":"standard","meta":{"kt_blocks_editor_width":"","footnotes":""},"categories":[1],"tags":[19,27,44,56],"class_list":["post-432","post","type-post","status-publish","format-standard","hentry","category-uncategorized","tag-chungui","tag-edilberto-jimenez","tag-oreja-de-perro","tag-violencia-y-trazos-de-memoria"],"_links":{"self":[{"href":"https:\/\/chungui.info\/blog\/wp-json\/wp\/v2\/posts\/432","targetHints":{"allow":["GET"]}}],"collection":[{"href":"https:\/\/chungui.info\/blog\/wp-json\/wp\/v2\/posts"}],"about":[{"href":"https:\/\/chungui.info\/blog\/wp-json\/wp\/v2\/types\/post"}],"author":[{"embeddable":true,"href":"https:\/\/chungui.info\/blog\/wp-json\/wp\/v2\/users\/2"}],"replies":[{"embeddable":true,"href":"https:\/\/chungui.info\/blog\/wp-json\/wp\/v2\/comments?post=432"}],"version-history":[{"count":1,"href":"https:\/\/chungui.info\/blog\/wp-json\/wp\/v2\/posts\/432\/revisions"}],"predecessor-version":[{"id":700,"href":"https:\/\/chungui.info\/blog\/wp-json\/wp\/v2\/posts\/432\/revisions\/700"}],"wp:attachment":[{"href":"https:\/\/chungui.info\/blog\/wp-json\/wp\/v2\/media?parent=432"}],"wp:term":[{"taxonomy":"category","embeddable":true,"href":"https:\/\/chungui.info\/blog\/wp-json\/wp\/v2\/categories?post=432"},{"taxonomy":"post_tag","embeddable":true,"href":"https:\/\/chungui.info\/blog\/wp-json\/wp\/v2\/tags?post=432"}],"curies":[{"name":"wp","href":"https:\/\/api.w.org\/{rel}","templated":true}]}}