{"id":39,"date":"2015-05-07T03:37:00","date_gmt":"2015-05-07T08:37:00","guid":{"rendered":"http:\/\/www.chungui.info\/blog\/?p=4"},"modified":"2022-07-11T02:06:11","modified_gmt":"2022-07-11T02:06:11","slug":"chungui-despues-de-la-violencia","status":"publish","type":"post","link":"https:\/\/chungui.info\/blog\/chungui-despues-de-la-violencia\/","title":{"rendered":"Chungui despu\u00e9s de la violencia"},"content":{"rendered":"<h4>Conversatorio sobre el Patrimonio Cultural y Natural de Chungui<\/h4>\n<figure id=\"attachment_507\" class=\"thumbnail wp-caption alignright\" style=\"width: 450px\"><a href=\"https:\/\/chungui.info\/blog\/wp-content\/uploads\/2015\/05\/1105949n.jpg\"><img loading=\"lazy\" decoding=\"async\" class=\"wp-image-507\" src=\"https:\/\/chungui.info\/blog\/wp-content\/uploads\/2015\/05\/1105949n.jpg\" alt=\"\" width=\"450\" height=\"300\" srcset=\"https:\/\/chungui.info\/blog\/wp-content\/uploads\/2015\/05\/1105949n.jpg 960w, https:\/\/chungui.info\/blog\/wp-content\/uploads\/2015\/05\/1105949n-300x200.jpg 300w, https:\/\/chungui.info\/blog\/wp-content\/uploads\/2015\/05\/1105949n-768x512.jpg 768w\" sizes=\"auto, (max-width: 450px) 100vw, 450px\" \/><\/a><figcaption class=\"caption wp-caption-text\">Alcalde de Chungui, dirigentes de la Asociaci\u00f3n Mayunmarka y la Asociaci\u00f3n de residentes Chunguinos en Huamanga<\/figcaption><\/figure>\n<p>El d\u00eda 25 de abril del 2015 se realiz\u00f3 el \u201cI Conversatorio sobre el Patrimonio Cultural y Natural de Chungui\u201d organizado por la Asociaci\u00f3n Ind\u00edgena Mayunmarka y apoyado por la Municipalidad\u00a0Distrital de Chungui. El evento cont\u00f3 con la participaci\u00f3n de destacados profesionales que\u00a0abordaron los diferentes t\u00f3picos que constituyen los recursos culturales y naturales de Chungui. El evento tuvo por lema \u201cInterculturalidad y biodiversidad para el desarrollo sostenible\u201d y como sede el Centro Cultural de la Universidad San Crist\u00f3bal de Huamanga donde asistieron un aproximado de 200 personas entre estudiantes, profesionales, residentes Chunguinos, etc.<\/p>\n<p>Chungui es uno de los distritos m\u00e1s pobres del Per\u00fa, uno de los 10 que constituyen la provincia de La Mar, est\u00e1 ubicado en la parte nor-oriental del departamento de Ayacucho, limita con los r\u00edos Pampas por el sur y Apur\u00edmac por el norte, por su privilegiada posici\u00f3n que abarca 4 regiones naturales (Seg\u00fan clasificaci\u00f3n de Pulgar Vidal) alberga una variedad de microclimas, ecosistemas y pisos ecol\u00f3gicos que van desde los 800 metros en el Rio Apur\u00edmac, pasando por la cordillera a 4900 metros y bajando nuevamente a 1200 metros en el Rio Pampas.<\/p>\n<figure id=\"attachment_515\" class=\"thumbnail wp-caption alignleft\" style=\"width: 300px\"><a href=\"https:\/\/chungui.info\/blog\/wp-content\/uploads\/2015\/05\/11039009.jpg\"><img loading=\"lazy\" decoding=\"async\" class=\"wp-image-515\" src=\"https:\/\/chungui.info\/blog\/wp-content\/uploads\/2015\/05\/11039009.jpg\" alt=\"\" width=\"300\" height=\"450\" srcset=\"https:\/\/chungui.info\/blog\/wp-content\/uploads\/2015\/05\/11039009.jpg 640w, https:\/\/chungui.info\/blog\/wp-content\/uploads\/2015\/05\/11039009-200x300.jpg 200w\" sizes=\"auto, (max-width: 300px) 100vw, 300px\" \/><\/a><figcaption class=\"caption wp-caption-text\">Victor Jassmani Vargas, Floro Ortiz, Elvin Ccaicuri, Nen\u00e9 Flores y\u00a0Alejandro Camasca<\/figcaption><\/figure>\n<p>Por su cercan\u00eda a Huamanga, Andahuaylas y Cusco fue poblado continuamente desde periodos muy tempranos por habitantes con diferentes manifestaciones culturales de <span style=\"color: initial;\">diversas pautas y comportamientos, incluyendo imperios y culturas desarrollados como: Wari, Chanca e Inca, producto del cual supervive una rica cultura que se manifiesta en sus costumbres, folclore, producci\u00f3n agr\u00edcola y ganadera, ritos, etc.<\/span><\/p>\n<p>La apertura del evento estuvo a cargo del Alcalde Elvin Ccaicuri Santi, quien mencion\u00f3 los avances en la ejecuci\u00f3n de los proyectos de desarrollo, como la culminaci\u00f3n de la carretera desde la capital del distrito a Villa Aurora que une la sierra y selva de Chungui, as\u00ed como resalt\u00f3 las riquezas que cuenta el distrito en cuanto a flora, fauna y cultura viva, cuyo revaloraci\u00f3n ser\u00e1 considerado en las pol\u00edticas del gobierno local tanto como las conclusiones del presente conversatorio.<\/p>\n<p>La d\u00e9cada del 80 fue uno de los per\u00edodos m\u00e1s nefastos de la historia de Chungui en la que fueron exterminados alrededor de la mitad de sus habitantes, el antrop\u00f3logo Edilberto Jimenez grafic\u00f3 el horror de estos a\u00f1os en su libro ilustrado \u201cChungui, violencia y trazos de memoria\u201d y protagoniz\u00f3 el documental de Felipe Degregori \u201cChungui: Horror sin l\u00e1grimas\u201d donde recoge el testimonio sobrecogedor de las v\u00edctimas de la violencia; En el conversatorio, Edilberto Jimenez relat\u00f3 los pormenores de su llegada a Chungui, a donde lleg\u00f3 por el inter\u00e9s de investigar sobre el g\u00e9nero musical \u201cllaqta maqta\u201d y se vio envuelto en las investigaciones <span style=\"color: initial;\">sobre el genocidio producido en toda la zona, como parte del equipo de la Comisi\u00f3n de la Verdad y Reconciliaci\u00f3n Nacional.<\/span><\/p>\n<figure id=\"attachment_511\" class=\"thumbnail wp-caption alignright\" style=\"width: 450px\"><a href=\"https:\/\/chungui.info\/blog\/wp-content\/uploads\/2015\/05\/10606308.jpg\"><img loading=\"lazy\" decoding=\"async\" class=\"wp-image-511\" src=\"https:\/\/chungui.info\/blog\/wp-content\/uploads\/2015\/05\/10606308.jpg\" alt=\"\" width=\"450\" height=\"300\" srcset=\"https:\/\/chungui.info\/blog\/wp-content\/uploads\/2015\/05\/10606308.jpg 960w, https:\/\/chungui.info\/blog\/wp-content\/uploads\/2015\/05\/10606308-300x200.jpg 300w, https:\/\/chungui.info\/blog\/wp-content\/uploads\/2015\/05\/10606308-768x512.jpg 768w\" sizes=\"auto, (max-width: 450px) 100vw, 450px\" \/><\/a><figcaption class=\"caption wp-caption-text\">Nen\u00e9 Flores, Walter Guzman, William A\u00f1anca,<br \/>Efrain Calle, Mark Willems<\/figcaption><\/figure>\n<p><span style=\"color: initial;\">Mientras tanto, Mark Willems, llegado al Per\u00fa junto con su esposa en 1967 procedente de B\u00e9lgica, fue testigo del sufrimiento de los desplazados de la zona de Oreja de Perro en Andahuaylas, \u00e9l relat\u00f3 c\u00f3mo so\u00f1aron y luego construyeron el \u201cpuente de retorno\u201d Kutinachaka sobre el rio Pampas, por donde retornaron los desplazados a un territorio casi inhabitado y luego apoy\u00f3 en la soluci\u00f3n de los problemas posteriores como la liberaci\u00f3n de cientos de presos y requisitoriados, estos acontecimientos forman parte de su libro \u201cLa Patria del Alma\u201d.<\/span><\/p>\n<p>Los arque\u00f3logos Cirilo Vivanco y William A\u00f1anca, quienes realizaron estudios arqueol\u00f3gicos en varias zonas de Chungui, dieron cuenta de sus investigaciones, sus hallazgos y las hip\u00f3tesis sobre el pasado hist\u00f3rico de Chungui, encontrando evidencias que datan de 9,000 a\u00f1os a.d.c. y la presencia de diversas culturas como los Wari, Chanca e Inca, entre los m\u00e1s reconocidos, entre los hallazgos mostrados existen restos con caracter\u00edsticas muy peculiares que requiere mayores investigaciones. <a href=\"https:\/\/chungui.info\/blog\/wp-content\/uploads\/2015\/05\/11201147.jpg\"><img loading=\"lazy\" decoding=\"async\" class=\"alignleft wp-image-520\" src=\"https:\/\/chungui.info\/blog\/wp-content\/uploads\/2015\/05\/11201147-1024x768.jpg\" alt=\"\" width=\"450\" height=\"338\" srcset=\"https:\/\/chungui.info\/blog\/wp-content\/uploads\/2015\/05\/11201147-1024x768.jpg 1024w, https:\/\/chungui.info\/blog\/wp-content\/uploads\/2015\/05\/11201147-300x225.jpg 300w, https:\/\/chungui.info\/blog\/wp-content\/uploads\/2015\/05\/11201147-768x576.jpg 768w, https:\/\/chungui.info\/blog\/wp-content\/uploads\/2015\/05\/11201147.jpg 1200w\" sizes=\"auto, (max-width: 450px) 100vw, 450px\" \/><\/a>Mientras tanto el historiador Lorenzo Huertas, mediante una presentaci\u00f3n grabada en video, indic\u00f3 que Mayunmarka (antiguo nombre de la zona de Chungui) fue un corredor utilizado por los Incas, tanto para la conquista de la zona de Huamanga, como para hostilizar a los conquistadores espa\u00f1oles en el per\u00edodo de resistencia, as\u00ed como el car\u00e1cter belicoso de sus habitantes en diversas \u00e9pocas de la historia, como el caso de Pablo Chalco que se uni\u00f3 a la rebeli\u00f3n de Tupac Amaru y desafi\u00f3 el poder colonial, la adhesi\u00f3n al movimiento de Navala Huachaca contra la nueva rep\u00fablica, le rebeli\u00f3n de la sal, y los hechos de los a\u00f1os recientes.<\/p>\n<p>Los j\u00f3venes bi\u00f3logos Floro Ortiz y Victor Jassmani Vargas enfocaron el tema medioambiental del distrito, resaltando las riquezas en biodiversidad tanto en flora como en fauna, los beneficios de su conservaci\u00f3n como el conflicto entre el hombre y la naturaleza debido en algunos casos a la necesidad de supervivencia, como la caza de felinos ante la amenaza a los ganados, los mitos sobre algunos animales como las serpientes y los murci\u00e9lagos, as\u00ed como el aprovechamiento para la alimentaci\u00f3n o econ\u00f3mico sin considerar el da\u00f1o a la naturaleza. Mientras tanto, el agr\u00f3nomo y docente Aejandro Camasca habl\u00f3 sobre la inmensa variedad de plantas medicinales presentes en las diferentes zonas altitudinales del distrito, as\u00ed como se hizo menci\u00f3n de la enorme variedad de productos agr\u00edcolas entre ellas las de papas nativas y otros que requieren investigaciones para caracterizarlos y preservarlos.<\/p>\n<figure id=\"attachment_510\" class=\"thumbnail wp-caption alignright\" style=\"width: 450px\"><a href=\"https:\/\/chungui.info\/blog\/wp-content\/uploads\/2015\/05\/10478133.jpg\"><img loading=\"lazy\" decoding=\"async\" class=\"wp-image-510\" src=\"https:\/\/chungui.info\/blog\/wp-content\/uploads\/2015\/05\/10478133.jpg\" alt=\"\" width=\"450\" height=\"338\" srcset=\"https:\/\/chungui.info\/blog\/wp-content\/uploads\/2015\/05\/10478133.jpg 960w, https:\/\/chungui.info\/blog\/wp-content\/uploads\/2015\/05\/10478133-300x225.jpg 300w, https:\/\/chungui.info\/blog\/wp-content\/uploads\/2015\/05\/10478133-768x576.jpg 768w\" sizes=\"auto, (max-width: 450px) 100vw, 450px\" \/><\/a><figcaption class=\"caption wp-caption-text\">Hugo La Rosa, Edilberto Jimenez, Cirilo Vivanco, Sebastien Jallade y Juan Jos\u00e9 Garc\u00eda<\/figcaption><\/figure>\n<p><span style=\"color: initial;\">El antrop\u00f3logo Juan Jos\u00e9 Garc\u00eda se refiri\u00f3 a la riqueza de la historia de Chungui y la necesidad de preservaci\u00f3n de su cultura viva. Las costumbres ancestrales que tienen caracter\u00edsticas muy peculiares que se van perdiendo con el paso del tiempo y con el avance de la \u201ccivilizaci\u00f3n\u201d, es necesario rescatarlos y preservarlos para el beneficio de las futuras generaciones. Por otro lado Sebastien Jallade, periodista y escritor franc\u00e9s, nos rese\u00f1\u00f3 la memoria en diferentes etapas y lugares; uno de estos lugares que debe ser considerado como tal es Kutinachaka, que es obra de los pobladores de Oreja de Perro y es un espacio de memoria de estos a\u00f1os nefastos; asimismo, se refiri\u00f3 que la poblaci\u00f3n es la que debe elegir su futuro y trabajar en base a proyectos sostenibles.<\/span><\/p>\n<figure id=\"attachment_514\" class=\"thumbnail wp-caption alignleft\" style=\"width: 400px\"><a href=\"https:\/\/chungui.info\/blog\/wp-content\/uploads\/2015\/05\/10996664.jpg\"><img loading=\"lazy\" decoding=\"async\" class=\"wp-image-514\" src=\"https:\/\/chungui.info\/blog\/wp-content\/uploads\/2015\/05\/10996664.jpg\" alt=\"\" width=\"400\" height=\"300\" srcset=\"https:\/\/chungui.info\/blog\/wp-content\/uploads\/2015\/05\/10996664.jpg 960w, https:\/\/chungui.info\/blog\/wp-content\/uploads\/2015\/05\/10996664-300x225.jpg 300w, https:\/\/chungui.info\/blog\/wp-content\/uploads\/2015\/05\/10996664-768x576.jpg 768w\" sizes=\"auto, (max-width: 400px) 100vw, 400px\" \/><\/a><figcaption class=\"caption wp-caption-text\">Llaqta Maqta de Oreja de Perro: Eduardo Flores y Maria Quispe<\/figcaption><\/figure>\n<p>Efrain Calle Origuela, joven antrop\u00f3logo procedente de Tastabamba en Oreja de Perro, refiere los problemas actuales de esta zona, que fue la m\u00e1s afectada en el proceso de la guerra interna de los a\u00f1os 80, se encuentra aislada hasta el momento, sin carreteras, con pocos y deficientes centros educativos, servicios b\u00e1sicos insuficientes, los problemas de centralismo y marginaci\u00f3n de la capital del distrito, etc. por lo cual est\u00e1n en proceso de constituirse en un nuevo distrito con la esperanza de <span style=\"color: initial;\">mejorar su condici\u00f3n de extrema pobreza. Mientras tanto Walter Guzm\u00e1n y una representante de una organizaci\u00f3n de productores, l\u00edderes campesinos procedentes de Moyabamba, en la zona de selva de Chungui, refirieron que est\u00e1 realizando esfuerzos por constituirse en una comunidad ecol\u00f3gica, han establecido un parque ecol\u00f3gico, han abierto una ruta tur\u00edstica que incluye el parque ecol\u00f3gico y una serie de cataratas, producen caf\u00e9 org\u00e1nico liderado por la Asociaci\u00f3n de Mujeres Emprendedoras de Moyabamba, intentan registrar un \u00e1rea de reserva natural junto con otros anexos de la Comunidad Union Libertad y poner en valor el sitio arqueol\u00f3gico de Mayunmarka que es considerado todav\u00eda una ciudad perdida.<\/span><\/p>\n<figure id=\"attachment_512\" class=\"thumbnail wp-caption alignright\" style=\"width: 450px\"><a href=\"https:\/\/chungui.info\/blog\/wp-content\/uploads\/2015\/05\/10931026.jpg\"><img loading=\"lazy\" decoding=\"async\" class=\"wp-image-512\" src=\"https:\/\/chungui.info\/blog\/wp-content\/uploads\/2015\/05\/10931026.jpg\" alt=\"\" width=\"450\" height=\"300\" srcset=\"https:\/\/chungui.info\/blog\/wp-content\/uploads\/2015\/05\/10931026.jpg 960w, https:\/\/chungui.info\/blog\/wp-content\/uploads\/2015\/05\/10931026-300x200.jpg 300w, https:\/\/chungui.info\/blog\/wp-content\/uploads\/2015\/05\/10931026-768x512.jpg 768w\" sizes=\"auto, (max-width: 450px) 100vw, 450px\" \/><\/a><figcaption class=\"caption wp-caption-text\">Llaqta Maqta de Oreja de Perro: Eduardo Flores y Maria Quispe<\/figcaption><\/figure>\n<p>El evento estuvo matizado con intervenciones de los participantes y del p\u00fablico en general, as\u00ed como de las autoridades locales, entre ellos el Alcalde de Chungui, quien se comprometi\u00f3 a poner en pr\u00e1ctica algunos de los planteamientos originados en este evento.<\/p>\n<p><span style=\"color: initial;\">Durante el evento tambi\u00e9n se present\u00f3 una exposici\u00f3n de una variedad de productos tanto de la sierra como de la selva de Chungui, asimismo se puso a la venta el caf\u00e9 \u201cChungui\u201d producido por la Asociaci\u00f3n de Mujeres Emprendedoras de Moyabamba, as\u00ed como el libro \u201cChungui, historia, econom\u00eda y cultura viva\u201d de Juan Jos\u00e9 Garc\u00eda, donado a la Asociaci\u00f3n por el autor.<\/span><\/p>\n<p>Los intermedios fueron amenizados por m\u00fasicos de Llaqta maqta, Eduardo Flores y Mar\u00eda Quispe, desplazados de Oreja de Perro residentes en Andahuaylas y el grupo de Llaqta Maqta residentes en Ayacucho \u00abLos Maqta\u00bb, y como broche de oro la presentaci\u00f3n del afamado arpista chunguino Otoniel Ccayanchira Pariamanco.<\/p>\n<figure id=\"attachment_521\" class=\"thumbnail wp-caption alignleft\" style=\"width: 250px\"><a href=\"https:\/\/chungui.info\/blog\/wp-content\/uploads\/2015\/05\/11209631n.jpg\"><img loading=\"lazy\" decoding=\"async\" class=\"wp-image-521\" src=\"https:\/\/chungui.info\/blog\/wp-content\/uploads\/2015\/05\/11209631n.jpg\" alt=\"\" width=\"250\" height=\"375\" srcset=\"https:\/\/chungui.info\/blog\/wp-content\/uploads\/2015\/05\/11209631n.jpg 640w, https:\/\/chungui.info\/blog\/wp-content\/uploads\/2015\/05\/11209631n-200x300.jpg 200w\" sizes=\"auto, (max-width: 250px) 100vw, 250px\" \/><\/a><figcaption class=\"caption wp-caption-text\">Refrigerio a base de comida Chunguina<\/figcaption><\/figure>\n<p><span style=\"color: initial;\">En el intermedio tambi\u00e9n se sirvi\u00f3 un rico refrigerio a base de productos t\u00edpicos como papas, chu\u00f1o, charqui y queso con crema de man\u00ed, mazamorra de calabaza y chicha de jora. Al finalizar el evento, los organizadores ofrecieron una comida de confraternidad a los ponentes, organizadores y colaboradores a base de productos t\u00edpicos de Chungui.<\/span><\/p>\n<p>Los agradecimiento por el \u00e9xito de este evento al equipo organizador conformado por Moner Lizana Huam\u00e1n, Iv\u00e1n Vivanco Ramos, Jos\u00e9 Montoya Ccaicuri y Clementine Flack. Los agradecimientos a la Municipalidad de Chungui y al Alcalde Elvin Ccaicuri Santi por el principal aporte econ\u00f3mico para la realizaci\u00f3n de este evento, asimismo por los apoyos puntuales a la Municipalidad de La Mar, al congresista Jos\u00e9 Urquizo, a los Concejeros regionales Eulogio Vila y Lidia Borda, al Caf\u00e9 Via Via, la ONG CEDAP, al Gobierno Regional de Ayacucho y al Vicerrector de Investigaci\u00f3n de la UNSCH, a los voluntarios y todos los que colaboraron para el \u00e9xito de este evento.<\/p>\n<table style=\"width: 100%px;\" border=\"0\" cellspacing=\"0\" cellpadding=\"0\">\n<tbody>\n<tr>\n<td>\n<table class=\"tr-caption-container\" style=\"margin-left: auto; margin-right: auto; text-align: center;\" cellspacing=\"0\" cellpadding=\"0\" align=\"center\">\n<tbody>\n<tr>\n<td style=\"text-align: center;\"><a style=\"margin-left: auto; margin-right: auto; text-align: center;\" href=\"http:\/\/www.chungui.info\/blog\/wp-content\/uploads\/2015\/05\/1557273-1024x768.jpg\"><img loading=\"lazy\" decoding=\"async\" src=\"http:\/\/www.chungui.info\/blog\/wp-content\/uploads\/2015\/05\/1557273-1024x768.jpg\" alt=\"\" width=\"320\" height=\"240\" border=\"0\" \/><\/a><\/td>\n<\/tr>\n<tr>\n<td class=\"tr-caption\" style=\"text-align: center;\"><span style=\"font-size: 10pt;\">Grupo de Llaqta Maqta: Feliz Pariamanco, Raul Pariamanco,<\/span><br \/>\n<span style=\"font-size: 10pt;\"> Walter Najarro y Flora Quispe Leon<\/span><\/td>\n<\/tr>\n<\/tbody>\n<\/table>\n<\/td>\n<td>\n<table class=\"tr-caption-container\" style=\"margin-left: auto; margin-right: auto; text-align: center;\" cellspacing=\"0\" cellpadding=\"0\" align=\"center\">\n<tbody>\n<tr>\n<td style=\"text-align: center;\"><a style=\"margin-left: auto; margin-right: auto; text-align: center;\" href=\"http:\/\/www.chungui.info\/blog\/wp-content\/uploads\/2015\/05\/10392397.jpg\"><img loading=\"lazy\" decoding=\"async\" src=\"http:\/\/www.chungui.info\/blog\/wp-content\/uploads\/2015\/05\/10392397.jpg\" alt=\"\" width=\"320\" height=\"213\" border=\"0\" \/><\/a><\/td>\n<\/tr>\n<tr>\n<td class=\"tr-caption\" style=\"text-align: center;\"><span style=\"font-size: 10pt;\">Cola para el refrigerio<\/span><\/td>\n<\/tr>\n<\/tbody>\n<\/table>\n<\/td>\n<\/tr>\n<tr>\n<td>\n<table class=\"tr-caption-container\" style=\"margin-left: auto; margin-right: auto; text-align: center;\" cellspacing=\"0\" cellpadding=\"0\" align=\"center\">\n<tbody>\n<tr>\n<td style=\"text-align: center;\"><a style=\"margin-left: auto; margin-right: auto; text-align: center;\" href=\"http:\/\/www.chungui.info\/blog\/wp-content\/uploads\/2015\/05\/11083845n.jpg\"><img loading=\"lazy\" decoding=\"async\" src=\"http:\/\/www.chungui.info\/blog\/wp-content\/uploads\/2015\/05\/11083845n.jpg\" alt=\"\" width=\"320\" height=\"213\" border=\"0\" \/><\/a><\/td>\n<\/tr>\n<tr>\n<td class=\"tr-caption\" style=\"text-align: center;\"><span style=\"font-size: 10pt;\">Muestra de la biodiversidad<\/span><\/td>\n<\/tr>\n<\/tbody>\n<\/table>\n<\/td>\n<td>\n<table class=\"tr-caption-container\" style=\"margin-left: auto; margin-right: auto; text-align: center;\" cellspacing=\"0\" cellpadding=\"0\" align=\"center\">\n<tbody>\n<tr>\n<td style=\"text-align: center;\"><a style=\"margin-left: auto; margin-right: auto;\" href=\"http:\/\/www.chungui.info\/blog\/wp-content\/uploads\/2015\/05\/11193343n.jpg\"><img loading=\"lazy\" decoding=\"async\" src=\"http:\/\/www.chungui.info\/blog\/wp-content\/uploads\/2015\/05\/11193343n.jpg\" alt=\"\" width=\"320\" height=\"240\" border=\"0\" \/><\/a><\/td>\n<\/tr>\n<tr>\n<td class=\"tr-caption\" style=\"text-align: center;\"><span style=\"font-size: 10pt;\">Refrigerio Chunguino<\/span><\/td>\n<\/tr>\n<\/tbody>\n<\/table>\n<\/td>\n<\/tr>\n<tr>\n<td>\n<table class=\"tr-caption-container\" style=\"margin-left: auto; margin-right: auto; text-align: center;\" cellspacing=\"0\" cellpadding=\"0\" align=\"center\">\n<tbody>\n<tr>\n<td style=\"text-align: center;\"><a style=\"margin-left: auto; margin-right: auto;\" href=\"http:\/\/www.chungui.info\/blog\/wp-content\/uploads\/2015\/05\/11188190n.jpg\"><img loading=\"lazy\" decoding=\"async\" src=\"http:\/\/www.chungui.info\/blog\/wp-content\/uploads\/2015\/05\/11188190n.jpg\" alt=\"\" width=\"320\" height=\"213\" border=\"0\" \/><\/a><\/td>\n<\/tr>\n<tr>\n<td class=\"tr-caption\" style=\"text-align: center;\"><span style=\"font-size: 10pt;\">Grupo de Llaqta Maqta:\u00a0Feliz Pariamanco,\u00a0<\/span><br \/>\n<span style=\"font-size: 10pt;\"> Raul Pariamanco,\u00a0Walter Najarro<\/span><\/td>\n<\/tr>\n<\/tbody>\n<\/table>\n<\/td>\n<td>\n<table class=\"tr-caption-container\" style=\"margin-left: auto; margin-right: auto; text-align: center;\" cellspacing=\"0\" cellpadding=\"0\" align=\"center\">\n<tbody>\n<tr>\n<td style=\"text-align: center;\"><a style=\"margin-left: auto; margin-right: auto; text-align: center;\" href=\"http:\/\/www.chungui.info\/blog\/wp-content\/uploads\/2015\/05\/10941416.jpg\"><img loading=\"lazy\" decoding=\"async\" src=\"http:\/\/www.chungui.info\/blog\/wp-content\/uploads\/2015\/05\/10941416.jpg\" alt=\"\" width=\"320\" height=\"246\" border=\"0\" \/><\/a><\/td>\n<\/tr>\n<tr>\n<td class=\"tr-caption\" style=\"text-align: center;\"><span style=\"font-size: 10pt;\">Equipo organizador: Moner Lizana, Jos\u00e9 Montoya,<\/span><br \/>\n<span style=\"font-size: 10pt;\"> Clementine Flack, Ivan Vivanco<\/span><\/td>\n<\/tr>\n<\/tbody>\n<\/table>\n<\/td>\n<\/tr>\n<\/tbody>\n<\/table>\n ","protected":false},"excerpt":{"rendered":"<p>Conversatorio sobre el Patrimonio Cultural y Natural de Chungui El d\u00eda 25 de abril del 2015 se realiz\u00f3 el \u201cI Conversatorio sobre el Patrimonio Cultural y Natural de Chungui\u201d organizado por la Asociaci\u00f3n Ind\u00edgena Mayunmarka y apoyado por la Municipalidad\u00a0Distrital &hellip; <a href=\"https:\/\/chungui.info\/blog\/chungui-despues-de-la-violencia\/\">Continuar<\/a><\/p>\n","protected":false},"author":2,"featured_media":0,"comment_status":"open","ping_status":"open","sticky":false,"template":"","format":"standard","meta":{"kt_blocks_editor_width":"","footnotes":""},"categories":[1],"tags":[19,27,34,41,42,44,56],"class_list":["post-39","post","type-post","status-publish","format-standard","hentry","category-uncategorized","tag-chungui","tag-edilberto-jimenez","tag-juan-jose-garcia","tag-mark-willems","tag-mayunmarka","tag-oreja-de-perro","tag-violencia-y-trazos-de-memoria"],"_links":{"self":[{"href":"https:\/\/chungui.info\/blog\/wp-json\/wp\/v2\/posts\/39","targetHints":{"allow":["GET"]}}],"collection":[{"href":"https:\/\/chungui.info\/blog\/wp-json\/wp\/v2\/posts"}],"about":[{"href":"https:\/\/chungui.info\/blog\/wp-json\/wp\/v2\/types\/post"}],"author":[{"embeddable":true,"href":"https:\/\/chungui.info\/blog\/wp-json\/wp\/v2\/users\/2"}],"replies":[{"embeddable":true,"href":"https:\/\/chungui.info\/blog\/wp-json\/wp\/v2\/comments?post=39"}],"version-history":[{"count":3,"href":"https:\/\/chungui.info\/blog\/wp-json\/wp\/v2\/posts\/39\/revisions"}],"predecessor-version":[{"id":526,"href":"https:\/\/chungui.info\/blog\/wp-json\/wp\/v2\/posts\/39\/revisions\/526"}],"wp:attachment":[{"href":"https:\/\/chungui.info\/blog\/wp-json\/wp\/v2\/media?parent=39"}],"wp:term":[{"taxonomy":"category","embeddable":true,"href":"https:\/\/chungui.info\/blog\/wp-json\/wp\/v2\/categories?post=39"},{"taxonomy":"post_tag","embeddable":true,"href":"https:\/\/chungui.info\/blog\/wp-json\/wp\/v2\/tags?post=39"}],"curies":[{"name":"wp","href":"https:\/\/api.w.org\/{rel}","templated":true}]}}