{"id":25,"date":"2009-08-24T17:55:00","date_gmt":"2009-08-24T22:55:00","guid":{"rendered":"http:\/\/www.chungui.info\/blog\/?p=25"},"modified":"2022-08-03T02:41:14","modified_gmt":"2022-08-03T02:41:14","slug":"chungui-violencia-y-trazos-de-memoria","status":"publish","type":"post","link":"https:\/\/chungui.info\/blog\/chungui-violencia-y-trazos-de-memoria\/","title":{"rendered":"Chungui: Violencia y Trazos de Memoria, presentacion de 2da. edicion"},"content":{"rendered":"<p><a href=\"https:\/\/chungui.info\/blog\/wp-content\/uploads\/2009\/08\/Tapa_Chungui.jpg\"><img loading=\"lazy\" decoding=\"async\" class=\"alignright size-full wp-image-698\" src=\"https:\/\/chungui.info\/blog\/wp-content\/uploads\/2009\/08\/Tapa_Chungui.jpg\" alt=\"\" width=\"189\" height=\"200\" \/><\/a><\/p>\n<div>El d\u00eda viernes 21 de Agosto se realiz\u00f3 la presentaci\u00f3n de la segunda edici\u00f3n del libro \u00abChungui: Violencia y Trazos de Memoria\u00bb del soci\u00f3logo y retablista Ayacuchano Edilberto Jimenez Quispe. Durante la presentaci\u00f3n de proyect\u00f3 un adelanto de un documental llamado \u00abHorror sin l\u00e1grimas: una historia peruana\u00bb realizado por Felipe Degrogori.<\/div>\n<div>La nueva edici\u00f3n de este libro estuvo a cargo del Instituto de Estudios Peruanos, con el auspicio de la Comisi\u00f3n de Derechos Humanos (COMISEDH), el Servicio Alem\u00e1n de Cooperaci\u00f3n Social-T\u00e9cnica (DED) y el apoyo del la Universidad de Montreal, con una presentaci\u00f3n m\u00e1s voluminosa de 417 p\u00e1ginas, con un formado m\u00e1s grande y una mejor calidad de impresi\u00f3n. En cuanto al contenido se incluyeron m\u00e1s testimonios con sus respectivos dibujos, mapas con la ubicaci\u00f3n de todos los poblados, algunos datos de la evoluci\u00f3n de Chungui despu\u00e9s de la violencia y la situaci\u00f3n actual.<\/div>\n<div><\/div>\n<p><a href=\"https:\/\/chungui.info\/blog\/wp-content\/uploads\/2009\/08\/ejimenez1.jpg\"><img loading=\"lazy\" decoding=\"async\" class=\"alignleft size-full wp-image-696\" src=\"https:\/\/chungui.info\/blog\/wp-content\/uploads\/2009\/08\/ejimenez1.jpg\" alt=\"\" width=\"145\" height=\"173\" \/><\/a><\/p>\n<div>La presentaci\u00f3n est\u00e1 a cargo de Pablo Rojas, el pr\u00f3logo de Carlos Iv\u00e1n Degrogori, el ensayo introductorio de Abilio Vergara denominado \u00abLa memoria de la barbarie en im\u00e1genes\u00bb, texto de reconocimientos del autor, los datos b\u00e1sicos de Chungui, el texto principal sobre la violencia del autor y la parte principal del libro \u00abTrazos y testimonios\u00bb con 187 p\u00e1ginas de dibujos y testimonios. Tambi\u00e9n trae una cronolog\u00eda de 88 p\u00e1ginas de los hechos importantes que abarca desde 1992 hasta 1997 con preminencia de los a\u00f1os de violencia indicando lugares, fechas y un resumen de los hechos.<\/div>\n<div>Finalmente trae un glosario de t\u00e9rminos que explican algunos t\u00e9rminos para aqu\u00e9llos que requieren una explicaci\u00f3n.<\/div>\n<div>El libro, en su conjunto, es un testimonio desgarrador del genocidio que sufri\u00f3 la zona de Chungui y los pueblos de Oreja de Perro, atrapados entre dos fuegos, donde quiz\u00e1s se dieron los m\u00e1s atroces violaciones a los derechos humanos y diezm\u00f3 su poblaci\u00f3n m\u00e1s que a la mitad, enfrent\u00e1ndose y mat\u00e1ndose muchas veces entre los mismos parientes, carnes de ca\u00f1\u00f3n la mayor\u00eda de las veces.<\/div>\n<div>Mientras las esperadas reparaciones civiles no llegan como se esperaba, para muchos sobrevivientes ser\u00e1 un consuelo que sus terribles experiencias queden grabados para siempre. Seg\u00fan las mismas palabras de Edilberto Jimenez, el libro es s\u00f3lo una muestra de todo el horror protagonizado en Oreja de Perro, pero suficiente para que la memoria sobre esta barbarie no quede en el olvido, para que las futuras generaciones tomen muy cuenta y no vuelva a repetirse en el futuro.<\/div>\n<div>Esta obra es pues realmente una contribuci\u00f3n a la historia de Chungui, para decir al mundo que este lugar existe, que sus gentes a\u00fan est\u00e1n vivos y quiz\u00e1s alg\u00fan d\u00eda llegue el desarrollo para sacarlos de pobreza extrema.<\/div>\n ","protected":false},"excerpt":{"rendered":"<p>El d\u00eda viernes 21 de Agosto se realiz\u00f3 la presentaci\u00f3n de la segunda edici\u00f3n del libro \u00abChungui: Violencia y Trazos de Memoria\u00bb del soci\u00f3logo y retablista Ayacuchano Edilberto Jimenez Quispe. Durante la presentaci\u00f3n de proyect\u00f3 un adelanto de un documental &hellip; <a href=\"https:\/\/chungui.info\/blog\/chungui-violencia-y-trazos-de-memoria\/\">Continuar<\/a><\/p>\n","protected":false},"author":2,"featured_media":0,"comment_status":"open","ping_status":"open","sticky":false,"template":"","format":"standard","meta":{"kt_blocks_editor_width":"","footnotes":""},"categories":[1],"tags":[],"class_list":["post-25","post","type-post","status-publish","format-standard","hentry","category-uncategorized"],"_links":{"self":[{"href":"https:\/\/chungui.info\/blog\/wp-json\/wp\/v2\/posts\/25","targetHints":{"allow":["GET"]}}],"collection":[{"href":"https:\/\/chungui.info\/blog\/wp-json\/wp\/v2\/posts"}],"about":[{"href":"https:\/\/chungui.info\/blog\/wp-json\/wp\/v2\/types\/post"}],"author":[{"embeddable":true,"href":"https:\/\/chungui.info\/blog\/wp-json\/wp\/v2\/users\/2"}],"replies":[{"embeddable":true,"href":"https:\/\/chungui.info\/blog\/wp-json\/wp\/v2\/comments?post=25"}],"version-history":[{"count":1,"href":"https:\/\/chungui.info\/blog\/wp-json\/wp\/v2\/posts\/25\/revisions"}],"predecessor-version":[{"id":699,"href":"https:\/\/chungui.info\/blog\/wp-json\/wp\/v2\/posts\/25\/revisions\/699"}],"wp:attachment":[{"href":"https:\/\/chungui.info\/blog\/wp-json\/wp\/v2\/media?parent=25"}],"wp:term":[{"taxonomy":"category","embeddable":true,"href":"https:\/\/chungui.info\/blog\/wp-json\/wp\/v2\/categories?post=25"},{"taxonomy":"post_tag","embeddable":true,"href":"https:\/\/chungui.info\/blog\/wp-json\/wp\/v2\/tags?post=25"}],"curies":[{"name":"wp","href":"https:\/\/api.w.org\/{rel}","templated":true}]}}